{"id":8902,"date":"2025-12-01T13:47:47","date_gmt":"2025-12-01T12:47:47","guid":{"rendered":"https:\/\/tierheim-nied.de\/?p=8902"},"modified":"2025-12-02T09:30:52","modified_gmt":"2025-12-02T08:30:52","slug":"fluffy","status":"publish","type":"post","link":"https:\/\/tierheim-nied.de\/index.php\/2025\/12\/01\/fluffy\/","title":{"rendered":"Theo"},"content":{"rendered":"\n<div class=\"wp-block-columns is-layout-flex wp-container-core-columns-is-layout-9d6595d7 wp-block-columns-is-layout-flex\">\n<div class=\"wp-block-column is-layout-flow wp-block-column-is-layout-flow\">\n<figure class=\"wp-block-image size-full\"><img loading=\"lazy\" decoding=\"async\" width=\"1080\" height=\"1080\" src=\"https:\/\/tierheim-nied.de\/wp-content\/uploads\/2023\/11\/19-Theo.jpeg\" alt=\"\" class=\"wp-image-11947\" srcset=\"https:\/\/tierheim-nied.de\/wp-content\/uploads\/2023\/11\/19-Theo.jpeg 1080w, https:\/\/tierheim-nied.de\/wp-content\/uploads\/2023\/11\/19-Theo-350x350.jpeg 350w, https:\/\/tierheim-nied.de\/wp-content\/uploads\/2023\/11\/19-Theo-1024x1024.jpeg 1024w, https:\/\/tierheim-nied.de\/wp-content\/uploads\/2023\/11\/19-Theo-90x90.jpeg 90w, https:\/\/tierheim-nied.de\/wp-content\/uploads\/2023\/11\/19-Theo-768x768.jpeg 768w, https:\/\/tierheim-nied.de\/wp-content\/uploads\/2023\/11\/19-Theo-300x300.jpeg 300w, https:\/\/tierheim-nied.de\/wp-content\/uploads\/2023\/11\/19-Theo-500x500.jpeg 500w\" sizes=\"auto, (max-width: 1080px) 100vw, 1080px\" \/><\/figure>\n<\/div>\n\n\n\n<div class=\"wp-block-column is-layout-flow wp-block-column-is-layout-flow\">\n<p><br>Salvete! Ich bin mit meinen beiden Kumpels Maxi und Jacky aus einem Kleingarten hierher gekommen. Wir konnten dort nicht mehr bleiben, weil der G\u00e4rtner seinen Garten aufgegeben hat. Wir werden wohl l\u00e4nger hier bleiben m\u00fcssen, aber vielleicht findet sich ja jemand, der uns aufnehmen will.<\/p>\n\n\n\n<p>Was ich mir beispielsweise w\u00fcnsche:<\/p>\n\n\n\n<p>Fleecedecke \u2013 damit wir es kuschelig und warm haben<br><a href=\"https:\/\/www.amazon.de\/dp\/B07FNQ1L9Z\" target=\"_blank\" rel=\"noreferrer noopener\"><strong>\ud83c\udf81 Fleecedecke<\/strong><\/a><\/p>\n\n\n\n<p>Getreidefreies Nassfutter \u2013 gerade gekauft, und schon weggefuttert<br><a href=\"https:\/\/www.fressnapf.de\/p\/mjamjam-adult-mixpaket-6-x-400g-mixpaket-8-1484557\/\" target=\"_blank\" rel=\"noreferrer noopener\"><strong>\ud83c\udf81 Getreidefreies Nassfutter<\/strong><\/a><\/p>\n<\/div>\n<\/div>\n\n\n\n<p>Bitte gebt als Lieferadresse unser Tierheim an:<br><br>Tierschutzverein Schwalbach &amp; Frankfurt-West e.V.<br>Nieder Kirchweg \/ unter der Schwanheimer Br\u00fccke<br>65934 Frankfurt am Main<br><br><strong><a href=\"https:\/\/tierheim-nied.de\/index.php\/2025\/12\/01\/geschenkbasar-2025\/\">Zur\u00fcck zum Geschenkbasar<\/a><\/strong><\/p>\n","protected":false},"excerpt":{"rendered":"<p>Salvete! Ich bin mit meinen beiden Kumpels Maxi und Jacky aus einem Kleingarten hierher gekommen. Wir konnten dort nicht mehr bleiben, weil der G\u00e4rtner seinen&hellip;<\/p>\n","protected":false},"author":6,"featured_media":0,"comment_status":"closed","ping_status":"closed","sticky":false,"template":"","format":"standard","meta":{"cybocfi_hide_featured_image":"","footnotes":""},"categories":[1],"tags":[],"class_list":["post-8902","post","type-post","status-publish","format-standard","hentry","category-allgemein"],"_links":{"self":[{"href":"https:\/\/tierheim-nied.de\/index.php\/wp-json\/wp\/v2\/posts\/8902","targetHints":{"allow":["GET"]}}],"collection":[{"href":"https:\/\/tierheim-nied.de\/index.php\/wp-json\/wp\/v2\/posts"}],"about":[{"href":"https:\/\/tierheim-nied.de\/index.php\/wp-json\/wp\/v2\/types\/post"}],"author":[{"embeddable":true,"href":"https:\/\/tierheim-nied.de\/index.php\/wp-json\/wp\/v2\/users\/6"}],"replies":[{"embeddable":true,"href":"https:\/\/tierheim-nied.de\/index.php\/wp-json\/wp\/v2\/comments?post=8902"}],"version-history":[{"count":6,"href":"https:\/\/tierheim-nied.de\/index.php\/wp-json\/wp\/v2\/posts\/8902\/revisions"}],"predecessor-version":[{"id":12005,"href":"https:\/\/tierheim-nied.de\/index.php\/wp-json\/wp\/v2\/posts\/8902\/revisions\/12005"}],"wp:attachment":[{"href":"https:\/\/tierheim-nied.de\/index.php\/wp-json\/wp\/v2\/media?parent=8902"}],"wp:term":[{"taxonomy":"category","embeddable":true,"href":"https:\/\/tierheim-nied.de\/index.php\/wp-json\/wp\/v2\/categories?post=8902"},{"taxonomy":"post_tag","embeddable":true,"href":"https:\/\/tierheim-nied.de\/index.php\/wp-json\/wp\/v2\/tags?post=8902"}],"curies":[{"name":"wp","href":"https:\/\/api.w.org\/{rel}","templated":true}]}}