{"id":7379,"date":"2022-12-19T21:28:38","date_gmt":"2022-12-19T20:28:38","guid":{"rendered":"https:\/\/tierheim-nied.de\/?p=7379"},"modified":"2022-12-19T21:52:45","modified_gmt":"2022-12-19T20:52:45","slug":"keine-vermittlung-waehrend-der-feiertage","status":"publish","type":"post","link":"https:\/\/tierheim-nied.de\/index.php\/2022\/12\/19\/keine-vermittlung-waehrend-der-feiertage\/","title":{"rendered":"Keine Vermittlung w\u00e4hrend der Feiertage"},"content":{"rendered":"\n<p style=\"font-size:16px\">Weihnachten steht vor der T\u00fcr und auch bei uns wird es etwas ruhiger. Die Konzentration liegt dann bei der Versorgung unserer Sch\u00fctzlinge. Sollten Sie eine Anfrage zu einer Vermittlung stellen, haben Sie bitte Verst\u00e4ndnis, dass wir Ihre Anfrage nicht so zeitnah wie \u00fcblich bearbeiten. <\/p>\n\n\n\n<p style=\"font-size:16px\">Wir w\u00fcnschen Ihnen sowie Ihren tierischen Mitbewohner sch\u00f6ne Feiertage und einen guten Rutsch ins neue Jahr.<\/p>\n\n\n\n<figure class=\"wp-block-image size-full\"><img loading=\"lazy\" decoding=\"async\" width=\"684\" height=\"465\" src=\"https:\/\/tierheim-nied.de\/wp-content\/uploads\/2022\/12\/Merry-Catmas.jpg\" alt=\"\" class=\"wp-image-7381\" srcset=\"https:\/\/tierheim-nied.de\/wp-content\/uploads\/2022\/12\/Merry-Catmas.jpg 684w, https:\/\/tierheim-nied.de\/wp-content\/uploads\/2022\/12\/Merry-Catmas-350x238.jpg 350w\" sizes=\"auto, (max-width: 684px) 100vw, 684px\" \/><\/figure>\n","protected":false},"excerpt":{"rendered":"<p>Weihnachten steht vor der T\u00fcr und auch bei uns wird es etwas ruhiger. Die Konzentration liegt dann bei der Versorgung unserer Sch\u00fctzlinge. Sollten Sie eine&hellip;<\/p>\n","protected":false},"author":6,"featured_media":0,"comment_status":"closed","ping_status":"closed","sticky":false,"template":"","format":"standard","meta":{"cybocfi_hide_featured_image":"","footnotes":""},"categories":[1],"tags":[],"class_list":["post-7379","post","type-post","status-publish","format-standard","hentry","category-allgemein"],"_links":{"self":[{"href":"https:\/\/tierheim-nied.de\/index.php\/wp-json\/wp\/v2\/posts\/7379","targetHints":{"allow":["GET"]}}],"collection":[{"href":"https:\/\/tierheim-nied.de\/index.php\/wp-json\/wp\/v2\/posts"}],"about":[{"href":"https:\/\/tierheim-nied.de\/index.php\/wp-json\/wp\/v2\/types\/post"}],"author":[{"embeddable":true,"href":"https:\/\/tierheim-nied.de\/index.php\/wp-json\/wp\/v2\/users\/6"}],"replies":[{"embeddable":true,"href":"https:\/\/tierheim-nied.de\/index.php\/wp-json\/wp\/v2\/comments?post=7379"}],"version-history":[{"count":2,"href":"https:\/\/tierheim-nied.de\/index.php\/wp-json\/wp\/v2\/posts\/7379\/revisions"}],"predecessor-version":[{"id":7383,"href":"https:\/\/tierheim-nied.de\/index.php\/wp-json\/wp\/v2\/posts\/7379\/revisions\/7383"}],"wp:attachment":[{"href":"https:\/\/tierheim-nied.de\/index.php\/wp-json\/wp\/v2\/media?parent=7379"}],"wp:term":[{"taxonomy":"category","embeddable":true,"href":"https:\/\/tierheim-nied.de\/index.php\/wp-json\/wp\/v2\/categories?post=7379"},{"taxonomy":"post_tag","embeddable":true,"href":"https:\/\/tierheim-nied.de\/index.php\/wp-json\/wp\/v2\/tags?post=7379"}],"curies":[{"name":"wp","href":"https:\/\/api.w.org\/{rel}","templated":true}]}}