{"id":6330,"date":"2022-06-25T16:56:08","date_gmt":"2022-06-25T14:56:08","guid":{"rendered":"https:\/\/tierheim-nied.de\/?p=6330"},"modified":"2022-08-06T17:28:29","modified_gmt":"2022-08-06T15:28:29","slug":"vermittlungshilfe-fuer-valko","status":"publish","type":"post","link":"https:\/\/tierheim-nied.de\/index.php\/2022\/06\/25\/vermittlungshilfe-fuer-valko\/","title":{"rendered":"Vermittlungshilfe f\u00fcr Valko"},"content":{"rendered":"\n<p>Valko sucht dringend ein neues zu Hause!!<\/p>\n\n\n\n<p>Sein Besitzer ist verstorben und Frauchen ist gesundheitlich nicht in der Lage ihn weiter zu betreuen. Wir wissen nicht wie lange Frauchen noch Leben wird.<\/p>\n\n\n\n<p>Valko von Waterloo, geb. 15.10.2012, SV-Zuchtbuch 2288007<\/p>\n\n\n\n<ul class=\"wp-block-list\"><li>grunds\u00e4tzlich ist er mit anderen Hunden vertr\u00e4glich (abgesehen von machen speziellen Animosit\u00e4ten bei einigen Hunden), zu Katzen ist es nicht bekannt;<\/li><li>gegen\u00fcber Menschen und auch Kindern ist er auch freundlich; mit kleinen Kindern fehlt aber die praktische Erfahrung.<\/li><li>er ist unkastriert und hat alle Papiere.<\/li><li>er liebt es Ball zu spielen<\/li><li>kennt alle Grundkommandos<\/li><li>kennt das Laufen am Fahrrad, aber Altersbedingt sollte man hier langsam tun<\/li><\/ul>\n\n\n\n<p>Zur Zeit befindet sich Valko in Darmstadt Arheilgen<\/p>\n\n\n\n<p>Ernsthafte Interessenten an:<br>Email: joerg@joergdries.de<br>Mobil: 01786810180<\/p>\n\n\n\n<p><\/p>\n\n\n<div class=\"wp-block-image\">\n<figure class=\"aligncenter size-full is-resized\"><a href=\"https:\/\/tierheim-nied.de\/wp-content\/uploads\/2022\/06\/vermittlungshilfe_valko.jpg\" rel=\"lightbox-0\"><img loading=\"lazy\" decoding=\"async\" src=\"https:\/\/tierheim-nied.de\/wp-content\/uploads\/2022\/06\/vermittlungshilfe_valko.jpg\" alt=\"\" class=\"wp-image-6331\" width=\"351\" height=\"424\" srcset=\"https:\/\/tierheim-nied.de\/wp-content\/uploads\/2022\/06\/vermittlungshilfe_valko.jpg 709w, https:\/\/tierheim-nied.de\/wp-content\/uploads\/2022\/06\/vermittlungshilfe_valko-290x350.jpg 290w\" sizes=\"auto, (max-width: 351px) 100vw, 351px\" \/><\/a><\/figure>\n<\/div>","protected":false},"excerpt":{"rendered":"<p>Valko sucht dringend ein neues zu Hause!! Sein Besitzer ist verstorben und Frauchen ist gesundheitlich nicht in der Lage ihn weiter zu betreuen. Wir wissen&hellip;<\/p>\n","protected":false},"author":6,"featured_media":6331,"comment_status":"closed","ping_status":"closed","sticky":false,"template":"","format":"standard","meta":{"cybocfi_hide_featured_image":"","footnotes":""},"categories":[55,51],"tags":[],"class_list":["post-6330","post","type-post","status-publish","format-standard","has-post-thumbnail","hentry","category-notfaelle","category-unsere-tiere"],"_links":{"self":[{"href":"https:\/\/tierheim-nied.de\/index.php\/wp-json\/wp\/v2\/posts\/6330","targetHints":{"allow":["GET"]}}],"collection":[{"href":"https:\/\/tierheim-nied.de\/index.php\/wp-json\/wp\/v2\/posts"}],"about":[{"href":"https:\/\/tierheim-nied.de\/index.php\/wp-json\/wp\/v2\/types\/post"}],"author":[{"embeddable":true,"href":"https:\/\/tierheim-nied.de\/index.php\/wp-json\/wp\/v2\/users\/6"}],"replies":[{"embeddable":true,"href":"https:\/\/tierheim-nied.de\/index.php\/wp-json\/wp\/v2\/comments?post=6330"}],"version-history":[{"count":2,"href":"https:\/\/tierheim-nied.de\/index.php\/wp-json\/wp\/v2\/posts\/6330\/revisions"}],"predecessor-version":[{"id":6333,"href":"https:\/\/tierheim-nied.de\/index.php\/wp-json\/wp\/v2\/posts\/6330\/revisions\/6333"}],"wp:featuredmedia":[{"embeddable":true,"href":"https:\/\/tierheim-nied.de\/index.php\/wp-json\/wp\/v2\/media\/6331"}],"wp:attachment":[{"href":"https:\/\/tierheim-nied.de\/index.php\/wp-json\/wp\/v2\/media?parent=6330"}],"wp:term":[{"taxonomy":"category","embeddable":true,"href":"https:\/\/tierheim-nied.de\/index.php\/wp-json\/wp\/v2\/categories?post=6330"},{"taxonomy":"post_tag","embeddable":true,"href":"https:\/\/tierheim-nied.de\/index.php\/wp-json\/wp\/v2\/tags?post=6330"}],"curies":[{"name":"wp","href":"https:\/\/api.w.org\/{rel}","templated":true}]}}