{"id":11090,"date":"2025-03-30T22:21:55","date_gmt":"2025-03-30T20:21:55","guid":{"rendered":"https:\/\/tierheim-nied.de\/?p=11090"},"modified":"2026-02-10T16:39:06","modified_gmt":"2026-02-10T15:39:06","slug":"emmi","status":"publish","type":"post","link":"https:\/\/tierheim-nied.de\/index.php\/2025\/03\/30\/emmi\/","title":{"rendered":"Emmi"},"content":{"rendered":"\n<div class=\"wp-block-media-text is-stacked-on-mobile\"><figure class=\"wp-block-media-text__media\"><a href=\"https:\/\/tierheim-nied.de\/wp-content\/uploads\/2025\/03\/1-2.jpg\" rel=\"lightbox-0\"><img loading=\"lazy\" decoding=\"async\" width=\"1024\" height=\"1024\" src=\"https:\/\/tierheim-nied.de\/wp-content\/uploads\/2025\/03\/1-2-1024x1024.jpg\" alt=\"\" class=\"wp-image-11096 size-full\" srcset=\"https:\/\/tierheim-nied.de\/wp-content\/uploads\/2025\/03\/1-2-1024x1024.jpg 1024w, https:\/\/tierheim-nied.de\/wp-content\/uploads\/2025\/03\/1-2-350x350.jpg 350w, https:\/\/tierheim-nied.de\/wp-content\/uploads\/2025\/03\/1-2-90x90.jpg 90w, https:\/\/tierheim-nied.de\/wp-content\/uploads\/2025\/03\/1-2-768x768.jpg 768w, https:\/\/tierheim-nied.de\/wp-content\/uploads\/2025\/03\/1-2-300x300.jpg 300w, https:\/\/tierheim-nied.de\/wp-content\/uploads\/2025\/03\/1-2-500x500.jpg 500w, https:\/\/tierheim-nied.de\/wp-content\/uploads\/2025\/03\/1-2-1536x1536.jpg 1536w, https:\/\/tierheim-nied.de\/wp-content\/uploads\/2025\/03\/1-2.jpg 1999w\" sizes=\"auto, (max-width: 1024px) 100vw, 1024px\" \/><\/a><\/figure><div class=\"wp-block-media-text__content\">\n<p>Hallo zusammen,<\/p>\n\n\n\n<p>mein Name ist Emmi (ca. 8,5 Jahre) und ich bin eine sehr s\u00fc\u00dfe und liebe K\u00e4tzin auf der Suche nach einem neuen Zuhause mit M\u00f6glichkeit zum Freigang.<\/p>\n\n\n\n<p>Ich kam zusammen mit meiner Schwester Puschi ins Tierheim Nied aber leider verstanden wir uns so gar nicht, sodass wir uns getrennt haben und sie dann schon ein eigenes Zuhause gefunden hat.<\/p>\n<\/div><\/div>\n\n\n\n<p>Ich war immer noch sehr scheu und habe hier im Tierheim mehr Zeit bekommen, um mich an die neue Umgebung und all die neuen Menschen zu gew\u00f6hnen. Jedoch ist der Gruppenraum so gar nichts f\u00fcr mich, weshalb ich im Au\u00dfenbereich der Casa Senila meine Zelte aufgeschlagen habe. Als Freig\u00e4ngerin liebe ich es viel drau\u00dfen zu sein und wenn ich es etwas gem\u00fctlicher haben will, leg ich mich in meine kleine H\u00fctte. In meinem kleinen G\u00e4rtchen wohnt zwar noch eine Katze, aber die mag ich auch nicht wirklich und toleriere sie h\u00f6chstens.<\/p>\n\n\n\n<p>Mein neues Hobby sind mit meinen Lieblingspfleger:innen zu schmusen und Leckerlis zu naschen. Das ist etwas, dass mir an euch Menschen ganz gut gef\u00e4llt. Daher kann ich mir jetzt langsam auch vorstellen, ein neues Zuhause zu finden.<\/p>\n\n\n\n<p>Ein Zusammenleben mit kleinen Kindern oder Hunden kann ich mir NICHT vorstellen \ud83d\ude39<\/p>\n\n\n\n<figure class=\"wp-block-gallery has-nested-images columns-default is-cropped wp-block-gallery-1 is-layout-flex wp-block-gallery-is-layout-flex\">\n<figure class=\"wp-block-image size-large\"><a href=\"https:\/\/tierheim-nied.de\/wp-content\/uploads\/2025\/03\/8.jpg\" rel=\"lightbox-1\"><img loading=\"lazy\" decoding=\"async\" width=\"1024\" height=\"1024\" data-id=\"11097\" src=\"https:\/\/tierheim-nied.de\/wp-content\/uploads\/2025\/03\/8-1024x1024.jpg\" alt=\"\" class=\"wp-image-11097\" srcset=\"https:\/\/tierheim-nied.de\/wp-content\/uploads\/2025\/03\/8-1024x1024.jpg 1024w, https:\/\/tierheim-nied.de\/wp-content\/uploads\/2025\/03\/8-350x350.jpg 350w, https:\/\/tierheim-nied.de\/wp-content\/uploads\/2025\/03\/8-90x90.jpg 90w, https:\/\/tierheim-nied.de\/wp-content\/uploads\/2025\/03\/8-768x768.jpg 768w, https:\/\/tierheim-nied.de\/wp-content\/uploads\/2025\/03\/8-300x300.jpg 300w, https:\/\/tierheim-nied.de\/wp-content\/uploads\/2025\/03\/8-500x500.jpg 500w, https:\/\/tierheim-nied.de\/wp-content\/uploads\/2025\/03\/8.jpg 1212w\" sizes=\"auto, (max-width: 1024px) 100vw, 1024px\" \/><\/a><\/figure>\n\n\n\n<figure class=\"wp-block-image size-large\"><a href=\"https:\/\/tierheim-nied.de\/wp-content\/uploads\/2025\/03\/7.jpg\" rel=\"lightbox-2\"><img loading=\"lazy\" decoding=\"async\" width=\"1024\" height=\"1024\" data-id=\"11098\" src=\"https:\/\/tierheim-nied.de\/wp-content\/uploads\/2025\/03\/7-1024x1024.jpg\" alt=\"\" class=\"wp-image-11098\" srcset=\"https:\/\/tierheim-nied.de\/wp-content\/uploads\/2025\/03\/7-1024x1024.jpg 1024w, https:\/\/tierheim-nied.de\/wp-content\/uploads\/2025\/03\/7-350x350.jpg 350w, https:\/\/tierheim-nied.de\/wp-content\/uploads\/2025\/03\/7-90x90.jpg 90w, https:\/\/tierheim-nied.de\/wp-content\/uploads\/2025\/03\/7-768x768.jpg 768w, https:\/\/tierheim-nied.de\/wp-content\/uploads\/2025\/03\/7-300x300.jpg 300w, https:\/\/tierheim-nied.de\/wp-content\/uploads\/2025\/03\/7-500x500.jpg 500w, https:\/\/tierheim-nied.de\/wp-content\/uploads\/2025\/03\/7-1536x1536.jpg 1536w, https:\/\/tierheim-nied.de\/wp-content\/uploads\/2025\/03\/7.jpg 1999w\" sizes=\"auto, (max-width: 1024px) 100vw, 1024px\" \/><\/a><\/figure>\n\n\n\n<figure class=\"wp-block-image size-large\"><a href=\"https:\/\/tierheim-nied.de\/wp-content\/uploads\/2025\/03\/6.jpg\" rel=\"lightbox-3\"><img loading=\"lazy\" decoding=\"async\" width=\"1024\" height=\"1024\" data-id=\"11099\" src=\"https:\/\/tierheim-nied.de\/wp-content\/uploads\/2025\/03\/6-1024x1024.jpg\" alt=\"\" class=\"wp-image-11099\" srcset=\"https:\/\/tierheim-nied.de\/wp-content\/uploads\/2025\/03\/6-1024x1024.jpg 1024w, https:\/\/tierheim-nied.de\/wp-content\/uploads\/2025\/03\/6-350x350.jpg 350w, https:\/\/tierheim-nied.de\/wp-content\/uploads\/2025\/03\/6-90x90.jpg 90w, https:\/\/tierheim-nied.de\/wp-content\/uploads\/2025\/03\/6-768x768.jpg 768w, https:\/\/tierheim-nied.de\/wp-content\/uploads\/2025\/03\/6-300x300.jpg 300w, https:\/\/tierheim-nied.de\/wp-content\/uploads\/2025\/03\/6-500x500.jpg 500w, https:\/\/tierheim-nied.de\/wp-content\/uploads\/2025\/03\/6-1536x1536.jpg 1536w, https:\/\/tierheim-nied.de\/wp-content\/uploads\/2025\/03\/6.jpg 1999w\" sizes=\"auto, (max-width: 1024px) 100vw, 1024px\" \/><\/a><\/figure>\n\n\n\n<figure class=\"wp-block-image size-large\"><a href=\"https:\/\/tierheim-nied.de\/wp-content\/uploads\/2025\/03\/5-1.jpg\" rel=\"lightbox-4\"><img loading=\"lazy\" decoding=\"async\" width=\"1024\" height=\"1024\" data-id=\"11100\" src=\"https:\/\/tierheim-nied.de\/wp-content\/uploads\/2025\/03\/5-1-1024x1024.jpg\" alt=\"\" class=\"wp-image-11100\" srcset=\"https:\/\/tierheim-nied.de\/wp-content\/uploads\/2025\/03\/5-1-1024x1024.jpg 1024w, https:\/\/tierheim-nied.de\/wp-content\/uploads\/2025\/03\/5-1-350x350.jpg 350w, https:\/\/tierheim-nied.de\/wp-content\/uploads\/2025\/03\/5-1-90x90.jpg 90w, https:\/\/tierheim-nied.de\/wp-content\/uploads\/2025\/03\/5-1-768x768.jpg 768w, https:\/\/tierheim-nied.de\/wp-content\/uploads\/2025\/03\/5-1-300x300.jpg 300w, https:\/\/tierheim-nied.de\/wp-content\/uploads\/2025\/03\/5-1-500x500.jpg 500w, https:\/\/tierheim-nied.de\/wp-content\/uploads\/2025\/03\/5-1-1536x1536.jpg 1536w, https:\/\/tierheim-nied.de\/wp-content\/uploads\/2025\/03\/5-1.jpg 2001w\" sizes=\"auto, (max-width: 1024px) 100vw, 1024px\" \/><\/a><\/figure>\n\n\n\n<figure class=\"wp-block-image size-large\"><a href=\"https:\/\/tierheim-nied.de\/wp-content\/uploads\/2025\/03\/4-1.jpg\" rel=\"lightbox-5\"><img loading=\"lazy\" decoding=\"async\" width=\"1024\" height=\"1024\" data-id=\"11102\" src=\"https:\/\/tierheim-nied.de\/wp-content\/uploads\/2025\/03\/4-1-1024x1024.jpg\" alt=\"\" class=\"wp-image-11102\" srcset=\"https:\/\/tierheim-nied.de\/wp-content\/uploads\/2025\/03\/4-1-1024x1024.jpg 1024w, https:\/\/tierheim-nied.de\/wp-content\/uploads\/2025\/03\/4-1-350x350.jpg 350w, https:\/\/tierheim-nied.de\/wp-content\/uploads\/2025\/03\/4-1-90x90.jpg 90w, https:\/\/tierheim-nied.de\/wp-content\/uploads\/2025\/03\/4-1-768x768.jpg 768w, https:\/\/tierheim-nied.de\/wp-content\/uploads\/2025\/03\/4-1-300x300.jpg 300w, https:\/\/tierheim-nied.de\/wp-content\/uploads\/2025\/03\/4-1-500x500.jpg 500w, https:\/\/tierheim-nied.de\/wp-content\/uploads\/2025\/03\/4-1-1536x1536.jpg 1536w, https:\/\/tierheim-nied.de\/wp-content\/uploads\/2025\/03\/4-1.jpg 2001w\" sizes=\"auto, (max-width: 1024px) 100vw, 1024px\" \/><\/a><\/figure>\n\n\n\n<figure class=\"wp-block-image size-large\"><a href=\"https:\/\/tierheim-nied.de\/wp-content\/uploads\/2025\/03\/3-2.jpg\" rel=\"lightbox-6\"><img loading=\"lazy\" decoding=\"async\" width=\"1024\" height=\"1024\" data-id=\"11101\" src=\"https:\/\/tierheim-nied.de\/wp-content\/uploads\/2025\/03\/3-2-1024x1024.jpg\" alt=\"\" class=\"wp-image-11101\" srcset=\"https:\/\/tierheim-nied.de\/wp-content\/uploads\/2025\/03\/3-2-1024x1024.jpg 1024w, https:\/\/tierheim-nied.de\/wp-content\/uploads\/2025\/03\/3-2-350x350.jpg 350w, https:\/\/tierheim-nied.de\/wp-content\/uploads\/2025\/03\/3-2-90x90.jpg 90w, https:\/\/tierheim-nied.de\/wp-content\/uploads\/2025\/03\/3-2-768x768.jpg 768w, https:\/\/tierheim-nied.de\/wp-content\/uploads\/2025\/03\/3-2-300x300.jpg 300w, https:\/\/tierheim-nied.de\/wp-content\/uploads\/2025\/03\/3-2-500x500.jpg 500w, https:\/\/tierheim-nied.de\/wp-content\/uploads\/2025\/03\/3-2-1536x1536.jpg 1536w, https:\/\/tierheim-nied.de\/wp-content\/uploads\/2025\/03\/3-2.jpg 1999w\" sizes=\"auto, (max-width: 1024px) 100vw, 1024px\" \/><\/a><\/figure>\n\n\n\n<figure class=\"wp-block-image size-large\"><a href=\"https:\/\/tierheim-nied.de\/wp-content\/uploads\/2025\/03\/2-2.jpg\" rel=\"lightbox-7\"><img loading=\"lazy\" decoding=\"async\" width=\"1024\" height=\"1024\" data-id=\"11103\" src=\"https:\/\/tierheim-nied.de\/wp-content\/uploads\/2025\/03\/2-2-1024x1024.jpg\" alt=\"\" class=\"wp-image-11103\" srcset=\"https:\/\/tierheim-nied.de\/wp-content\/uploads\/2025\/03\/2-2-1024x1024.jpg 1024w, https:\/\/tierheim-nied.de\/wp-content\/uploads\/2025\/03\/2-2-350x350.jpg 350w, https:\/\/tierheim-nied.de\/wp-content\/uploads\/2025\/03\/2-2-90x90.jpg 90w, https:\/\/tierheim-nied.de\/wp-content\/uploads\/2025\/03\/2-2-768x768.jpg 768w, https:\/\/tierheim-nied.de\/wp-content\/uploads\/2025\/03\/2-2-300x300.jpg 300w, https:\/\/tierheim-nied.de\/wp-content\/uploads\/2025\/03\/2-2-500x500.jpg 500w, https:\/\/tierheim-nied.de\/wp-content\/uploads\/2025\/03\/2-2-1536x1536.jpg 1536w, https:\/\/tierheim-nied.de\/wp-content\/uploads\/2025\/03\/2-2.jpg 1999w\" sizes=\"auto, (max-width: 1024px) 100vw, 1024px\" \/><\/a><\/figure>\n<\/figure>\n\n\n\n<figure class=\"wp-block-video\"><video height=\"480\" style=\"aspect-ratio: 480 \/ 480;\" width=\"480\" controls src=\"https:\/\/tierheim-nied.de\/wp-content\/uploads\/2025\/03\/WhatsApp-Video-2025-03-30-at-22.18.36.mp4\"><\/video><\/figure>\n\n\n\n<div class=\"wpcf7 no-js\" id=\"wpcf7-f2045-o1\" lang=\"de-DE\" dir=\"ltr\" data-wpcf7-id=\"2045\">\n<div class=\"screen-reader-response\"><p role=\"status\" aria-live=\"polite\" aria-atomic=\"true\"><\/p> <ul><\/ul><\/div>\n<form action=\"\/index.php\/wp-json\/wp\/v2\/posts\/11090#wpcf7-f2045-o1\" method=\"post\" class=\"wpcf7-form init wpcf7-acceptance-as-validation\" aria-label=\"Kontaktformular\" novalidate=\"novalidate\" data-status=\"init\">\n<fieldset class=\"hidden-fields-container\"><input type=\"hidden\" name=\"_wpcf7\" value=\"2045\" \/><input type=\"hidden\" name=\"_wpcf7_version\" value=\"6.1.5\" \/><input type=\"hidden\" name=\"_wpcf7_locale\" value=\"de_DE\" \/><input type=\"hidden\" name=\"_wpcf7_unit_tag\" value=\"wpcf7-f2045-o1\" \/><input type=\"hidden\" name=\"_wpcf7_container_post\" value=\"0\" \/><input type=\"hidden\" name=\"_wpcf7_posted_data_hash\" value=\"\" \/>\n<\/fieldset>\n<p><b>Anfrage<\/b>\n<\/p>\n<p>Wir bitten Sie, Anfragen betreffend der zu vermittelnden Tiere ausschlie\u00dflich \u00fcber das folgende Kontaktformular zu stellen oder \u00fcber vermittlung@tierheim-nied.de.<br \/>\nBei Anfragen \u00fcber die E-Mail-Adresse w\u00e4re es hilfreich wenn Sie die Fragen weiter unten ebenfalls beantworten k\u00f6nnten.\n<\/p>\n<p>Alle mit einem Stern gekennzeichneten Felder sind Pflichtfelder und helfen uns ungemein, R\u00fcckfragen bei Ihnen zu vermeiden.\n<\/p>\n<p><label> Anrede\n\t\t<font color=red>*\n\t\t<\/font><br \/>\n<span class=\"wpcf7-form-control-wrap\" data-name=\"your-anrede\"><select class=\"wpcf7-form-control wpcf7-select wpcf7-validates-as-required\" id=\"anrede\" aria-required=\"true\" aria-invalid=\"false\" name=\"your-anrede\"><option value=\"Frau\">Frau<\/option><option value=\"Herr\">Herr<\/option><option value=\"Divers\">Divers<\/option><\/select><\/span> <\/label>\n<\/p>\n<p><label> Vor- und Zuname\n\t\t<font color=red>*\n\t\t<\/font><br \/>\n<span class=\"wpcf7-form-control-wrap\" data-name=\"your-name\"><input size=\"40\" maxlength=\"400\" class=\"wpcf7-form-control wpcf7-text wpcf7-validates-as-required\" id=\"vor_und_zuname\" aria-required=\"true\" aria-invalid=\"false\" value=\"\" type=\"text\" name=\"your-name\" \/><\/span> <\/label>\n<\/p>\n<p><label> E-Mail-Adresse\n\t\t<font color=red>*\n\t\t<\/font><br \/>\n<span class=\"wpcf7-form-control-wrap\" data-name=\"your-email\"><input size=\"40\" maxlength=\"400\" class=\"wpcf7-form-control wpcf7-email wpcf7-validates-as-required wpcf7-text wpcf7-validates-as-email\" id=\"adresse\" aria-required=\"true\" aria-invalid=\"false\" value=\"\" type=\"email\" name=\"your-email\" \/><\/span> <\/label>\n<\/p>\n<p><label> Adresse\/Ort\n\t\t<font color=red>*\n\t\t<\/font><br \/>\n<span class=\"wpcf7-form-control-wrap\" data-name=\"your-adresse\"><input size=\"40\" maxlength=\"400\" class=\"wpcf7-form-control wpcf7-text wpcf7-validates-as-required\" id=\"adresse_real\" aria-required=\"true\" aria-invalid=\"false\" value=\"\" type=\"text\" name=\"your-adresse\" \/><\/span> <\/label>\n<\/p>\n<p><label> Telefonnummer\n\t\t<font color=red>*\n\t\t<\/font><br \/>\n<span class=\"wpcf7-form-control-wrap\" data-name=\"your-tel\"><input size=\"40\" maxlength=\"400\" class=\"wpcf7-form-control wpcf7-tel wpcf7-validates-as-required wpcf7-text wpcf7-validates-as-tel\" id=\"telefon\" aria-required=\"true\" aria-invalid=\"false\" value=\"\" type=\"tel\" name=\"your-tel\" \/><\/span> <\/label>\n<\/p>\n<p><label> Wie viele Personen leben in Ihrem Haushalt und in welcher Altersklasse ?\n\t\t<font color=red>*\n\t\t<\/font><br \/>\n<span class=\"wpcf7-form-control-wrap\" data-name=\"your-haushalt\"><input size=\"40\" maxlength=\"400\" class=\"wpcf7-form-control wpcf7-text wpcf7-validates-as-required\" id=\"personen\" aria-required=\"true\" aria-invalid=\"false\" value=\"\" type=\"text\" name=\"your-haushalt\" \/><\/span> <\/label>\n<\/p>\n<p><label> Leben schon Haustiere in Ihrem Haushalt und wie viele ?<br \/>\n<span class=\"wpcf7-form-control-wrap\" data-name=\"your-tiere\"><input size=\"40\" maxlength=\"400\" class=\"wpcf7-form-control wpcf7-text\" id=\"tiere_haushalt\" aria-invalid=\"false\" value=\"\" type=\"text\" name=\"your-tiere\" \/><\/span> <\/label>\n<\/p>\n<p><label> Wie viel Erfahrung haben Sie mit Tieren ?<br \/>\n<span class=\"wpcf7-form-control-wrap\" data-name=\"your-erfahrung\"><input size=\"40\" maxlength=\"400\" class=\"wpcf7-form-control wpcf7-text\" id=\"erfahrung\" aria-invalid=\"false\" value=\"\" type=\"text\" name=\"your-erfahrung\" \/><\/span> <\/label>\n<\/p>\n<p><label> Wie viele Stunden am Tag ist das Tier alleine im Haushalt ?\n\t\t<font color=red>*\n\t\t<\/font><br \/>\n<span class=\"wpcf7-form-control-wrap\" data-name=\"your-stunden\"><select class=\"wpcf7-form-control wpcf7-select wpcf7-validates-as-required\" id=\"stunden_am_tag\" aria-required=\"true\" aria-invalid=\"false\" name=\"your-stunden\"><option value=\"0\">0<\/option><option value=\"01\">01<\/option><option value=\"02\">02<\/option><option value=\"03\">03<\/option><option value=\"04\">04<\/option><option value=\"05\">05<\/option><option value=\"06\">06<\/option><option value=\"07\">07<\/option><option value=\"08\">08<\/option><option value=\"09\">09<\/option><option value=\"10\">10<\/option><option value=\"11\">11<\/option><option value=\"12\">12<\/option><\/select><\/span> <\/label>\n<\/p>\n<p><label> An wie vielen Tagen in der Woche ist das Tier alleine ?\n\t\t<font color=red>*\n\t\t<\/font><br \/>\n<span class=\"wpcf7-form-control-wrap\" data-name=\"your-woche\"><select class=\"wpcf7-form-control wpcf7-select wpcf7-validates-as-required\" id=\"alleine_woche\" aria-required=\"true\" aria-invalid=\"false\" name=\"your-woche\"><option value=\"0\">0<\/option><option value=\"01\">01<\/option><option value=\"02\">02<\/option><option value=\"03\">03<\/option><option value=\"04\">04<\/option><option value=\"05\">05<\/option><option value=\"06\">06<\/option><option value=\"07\">07<\/option><\/select><\/span> <\/label>\n<\/p>\n<p><label> Art der gew\u00fcnschten Haltung ?\n\t\t<font color=red>*\n\t\t<\/font><br \/>\n<span class=\"wpcf7-form-control-wrap\" data-name=\"radio-verkehr1\"><span class=\"wpcf7-form-control wpcf7-radio\" id=\"verkehr1\"><span class=\"wpcf7-list-item first\"><label><input type=\"radio\" name=\"radio-verkehr1\" value=\"Wohnungshaltung ohne Freigang\" \/><span class=\"wpcf7-list-item-label\">Wohnungshaltung ohne Freigang<\/span><\/label><\/span><span class=\"wpcf7-list-item last\"><label><input type=\"radio\" name=\"radio-verkehr1\" value=\"Freigang\" \/><span class=\"wpcf7-list-item-label\">Freigang<\/span><\/label><\/span><\/span><\/span><br \/>\n<\/label>\n<\/p>\n<p><label> Beschreiben Sie zu guter Letzt Ihr Zuhause und gibt es einen Garten oder Balkon ?\n\t\t<font color=red>*\n\t\t<\/font><br \/>\n<span class=\"wpcf7-form-control-wrap\" data-name=\"your-zuhause\"><textarea cols=\"40\" rows=\"10\" maxlength=\"2000\" class=\"wpcf7-form-control wpcf7-textarea wpcf7-validates-as-required\" id=\"zuhause\" aria-required=\"true\" aria-invalid=\"false\" name=\"your-zuhause\"><\/textarea><\/span> <\/label>\n<\/p>\n<p><label> Ihre Nachricht\n\t\t<font color=red>\n\t\t<\/font><br \/>\n<span class=\"wpcf7-form-control-wrap\" data-name=\"your-message\"><textarea cols=\"40\" rows=\"10\" maxlength=\"2000\" class=\"wpcf7-form-control wpcf7-textarea\" id=\"nachricht\" aria-invalid=\"false\" name=\"your-message\"><\/textarea><\/span> <\/label>\n<\/p>\n<div class=\"wpcf7-response-output\" aria-hidden=\"true\"><\/div>\n<p><span id=\"wpcf7-69f5a23a8eec6-wrapper\" class=\"wpcf7-form-control-wrap honeypot-681-wrap\" style=\"display:none !important; visibility:hidden !important;\"><label for=\"wpcf7-69f5a23a8eec6-field\" class=\"hp-message\">Bitte lasse dieses Feld leer.<\/label><input id=\"wpcf7-69f5a23a8eec6-field\"  class=\"wpcf7-form-control wpcf7-text\" type=\"text\" name=\"honeypot-681\" value=\"\" size=\"40\" tabindex=\"-1\" autocomplete=\"new-password\" \/><\/span><br \/>\n<span id=\"wpcf7-69f5a23a8ef6d-wrapper\" class=\"wpcf7-form-control-wrap honeypot-681-wrap\" style=\"display:none !important; visibility:hidden !important;\"><label for=\"wpcf7-69f5a23a8ef6d-field\" class=\"hp-message\">Bitte lasse dieses Feld leer.<\/label><input id=\"wpcf7-69f5a23a8ef6d-field\"  class=\"wpcf7-form-control wpcf7-text\" type=\"text\" name=\"honeypot-681\" value=\"\" size=\"40\" tabindex=\"-1\" autocomplete=\"new-password\" \/><\/span>\n<\/p>\n<p><span class=\"wpcf7-form-control-wrap\" data-name=\"your-consent\"><span class=\"wpcf7-form-control wpcf7-acceptance\"><span class=\"wpcf7-list-item\"><label><input type=\"checkbox\" name=\"your-consent\" value=\"1\" aria-invalid=\"false\" \/><span class=\"wpcf7-list-item-label\">Ich habe die <u><b><a href=\"https:\/\/tierheim-nied.de\/index.php\/datenschutzerklaerung\/\" target=\"_blank\">Datenschutzerkl\u00e4rung<\/a><\/b><\/u> zur Kenntnis genommen und akzeptiert. Ich stimme zu, dass meine Formularangaben zur Kontaktaufnahme bzw. zur Bearbeitung meines Anliegens gespeichert werden.<\/span><\/label><\/span><\/span><\/span>\n<\/p>\n<p><label><b>Wichtig, es kann vorkommen das unsere Antworten bei Ihnen im Spam-Ordner landen.<br \/>\nBitte pr\u00fcfen Sie den Spam-Ordner falls Sie von uns noch keine Antwort erhalten haben.<br \/>\nHin und wieder dauert eine Antwort von uns einfach etwas, da oft sehr viel zu tun ist.<\/b><\/label>\n<\/p>\n<p><input class=\"wpcf7-form-control wpcf7-submit has-spinner\" id=\"submit\" type=\"submit\" value=\"Senden\" \/>\n<\/p><p style=\"display: none !important;\" class=\"akismet-fields-container\" data-prefix=\"_wpcf7_ak_\"><label>&#916;<textarea name=\"_wpcf7_ak_hp_textarea\" cols=\"45\" rows=\"8\" maxlength=\"100\"><\/textarea><\/label><input type=\"hidden\" id=\"ak_js_1\" name=\"_wpcf7_ak_js\" value=\"215\"\/><script>document.getElementById( \"ak_js_1\" ).setAttribute( \"value\", ( new Date() ).getTime() );<\/script><\/p>\n<\/form>\n<\/div>\n\n\n\n\n<p><\/p>\n","protected":false},"excerpt":{"rendered":"<p>Hallo zusammen, mein Name ist Emmi (ca. 8,5 Jahre) und ich bin eine sehr s\u00fc\u00dfe und liebe K\u00e4tzin auf der Suche nach einem neuen Zuhause&hellip;<\/p>\n","protected":false},"author":6,"featured_media":11096,"comment_status":"closed","ping_status":"closed","sticky":false,"template":"","format":"standard","meta":{"cybocfi_hide_featured_image":"","footnotes":""},"categories":[57,51],"tags":[],"class_list":["post-11090","post","type-post","status-publish","format-standard","has-post-thumbnail","hentry","category-katzen","category-unsere-tiere"],"_links":{"self":[{"href":"https:\/\/tierheim-nied.de\/index.php\/wp-json\/wp\/v2\/posts\/11090","targetHints":{"allow":["GET"]}}],"collection":[{"href":"https:\/\/tierheim-nied.de\/index.php\/wp-json\/wp\/v2\/posts"}],"about":[{"href":"https:\/\/tierheim-nied.de\/index.php\/wp-json\/wp\/v2\/types\/post"}],"author":[{"embeddable":true,"href":"https:\/\/tierheim-nied.de\/index.php\/wp-json\/wp\/v2\/users\/6"}],"replies":[{"embeddable":true,"href":"https:\/\/tierheim-nied.de\/index.php\/wp-json\/wp\/v2\/comments?post=11090"}],"version-history":[{"count":4,"href":"https:\/\/tierheim-nied.de\/index.php\/wp-json\/wp\/v2\/posts\/11090\/revisions"}],"predecessor-version":[{"id":12233,"href":"https:\/\/tierheim-nied.de\/index.php\/wp-json\/wp\/v2\/posts\/11090\/revisions\/12233"}],"wp:featuredmedia":[{"embeddable":true,"href":"https:\/\/tierheim-nied.de\/index.php\/wp-json\/wp\/v2\/media\/11096"}],"wp:attachment":[{"href":"https:\/\/tierheim-nied.de\/index.php\/wp-json\/wp\/v2\/media?parent=11090"}],"wp:term":[{"taxonomy":"category","embeddable":true,"href":"https:\/\/tierheim-nied.de\/index.php\/wp-json\/wp\/v2\/categories?post=11090"},{"taxonomy":"post_tag","embeddable":true,"href":"https:\/\/tierheim-nied.de\/index.php\/wp-json\/wp\/v2\/tags?post=11090"}],"curies":[{"name":"wp","href":"https:\/\/api.w.org\/{rel}","templated":true}]}}